{"id":16,"date":"2015-02-05T19:44:45","date_gmt":"2015-02-05T18:44:45","guid":{"rendered":"http:\/\/www.caritasfrancescana.org\/wordpress\/?p=16"},"modified":"2015-02-05T19:44:39","modified_gmt":"2015-02-05T18:44:39","slug":"itirucu-come-una-preghiera","status":"publish","type":"post","link":"https:\/\/www.caritasfrancescana.org\/?p=16","title":{"rendered":"Itiru\u00e7u: come una preghiera"},"content":{"rendered":"<p style=\"text-align: justify;\"><em>Nella Scuola dell\u2019Amore Cristiano della Caritas Francescana i giorni, i mesi e gli anni si succedono come grani di un rosario. Ogni istante \u00e8 vissuto dai bambini con la gioia e lo slancio di una dolce preghiera al Signore e a Maria. \u00c8 tutto qui il semplice segreto dei buoni risultati dei primi quindici anni appena conclusi.<\/em><br \/>\n<em> di Francesco Paolo Barrasso<\/em><\/p>\n<hr \/>\n<p style=\"text-align: justify;\">Per quindici anni i piccoli di Itiru\u00e7u hanno dato inizio alla loro giornata con la preghiera. Nella chiesetta di Maria Regina della Pace, cuore palpitante dell\u2019Istituto, ogni mattina un incontro gioioso, inni, recite improvvisate, si chiede ascolto a Colui che desidera dare ascolto ed accoglienza.<br \/>\nPoi la colazione desiderata, apprezzata e rispettata \u00e8 anch\u2019essa una preghiera.<br \/>\nInizia quindi il lavoro di studenti, impegnativo, talora difficile, ma sempre affrontato con serenit\u00e0, con la consapevolezza di condividerlo con maestre brave e comprensive. Nessun bimbo \u00e8 lasciato indietro, ognuno viene accompagnato con amore e competenza verso il pi\u00f9 alto traguardo personale. E questo \u00e8 preghiera.<br \/>\nNei giochi, nel pranzo, nel catechismo, nelle recite, nella gestualit\u00e0 aggraziata ed affettuosa si avverte netto e gioioso il profumo di preghiera.<br \/>\nCos\u00ec, giorno dopo giorno, anno dopo anno, mille e mille bimbi insicuri, ignari dell\u2019Amore, sono diventati giovani consapevoli del loro inestimabile valore in quanto creature di Dio, giovani pronti ad affrontare la vita con gli straordinari strumenti che solo la Parola di Ges\u00f9 pu\u00f2 fornire: laboriosit\u00e0, onest\u00e0, amore per se stessi e per il prossimo, amore per il Creatore di tutti.<br \/>\nE la loro riconoscenza per i padrini italiani che li hanno sostenuti ed amati cos\u2019\u00e8 se non preghiera?<br \/>\nLa preghiera di tanti bambini ha poi donato la luce necessaria alle menti dei dirigenti dell\u2019Istituto affinch\u00e9 fossero colti ed interpretati i mutamenti della societ\u00e0, affinch\u00e9 tanta amorevole accoglienza non fosse fine a se stessa ma rivolta all\u2019inserimento nel mondo del lavoro.<br \/>\nOgni anno passato si \u00e8 contraddistinto per importanti aggiustamenti e novit\u00e0.\u00a0 Ma forse la novit\u00e0 del 2014 \u00e8 stata la pi\u00f9 significativa. Il biennio del ciclo di studi superiori \u00e8 stato assunto dal Governo che ha aperto a Sant\u2019Ines, a venti chilometri da Itiru\u00e7u, un Istituto per studenti che hanno conseguito il diploma di Scuola Media, Qui i giovani, ospitati gratuitamente a regime di convitto completo, continuano gli studi e vengono formati a mestieri richiesti dal mercato del lavoro. I nostri diplomati della Scuola Media, grazie alla loro preparazione eccellente e di gran lunga superiore alla media nazionale, hanno tutti superato l\u2019esame d\u2019ammissione.<br \/>\nDa questo numeroso esodo di studenti grandi deriva una grande opportunit\u00e0 di accogliere nella nostra scuola un maggiore numero di piccole creature bisognose.<br \/>\nSono ormai pi\u00f9 di sessanta i bambini dai tre a cinque anni che attendono di essere accolti per il prossimo anno 2015. La loro trepida attesa \u00e8 una calda preghiera al Signore e nessuno certamente rester\u00e0 escluso.<br \/>\nAi benefattori italiani che hanno gi\u00e0 completato la straordinaria esperienza di padrini e a tutti i nostri amici e sostenitori che nel profondo del cuore alimentano la scintilla di un meraviglioso gesto d\u2019amore la Caritas Francescana presenta questi nuovi piccoli che silenziosamente chiedono accoglienza, amore, istruzione e vita nel nome di Ges\u00f9.<\/p>\n","protected":false},"excerpt":{"rendered":"<p>Nella Scuola dell\u2019Amore Cristiano della Caritas Francescana i giorni, i mesi e gli anni si succedono come grani di un rosario. Ogni istante \u00e8 vissuto dai bambini con la gioia e lo slancio di una dolce preghiera al Signore e a Maria. \u00c8 tutto qui il semplice segreto dei buoni risultati dei primi quindici anni &hellip; <a href=\"https:\/\/www.caritasfrancescana.org\/?p=16\" class=\"more-link\">Continua a leggere <span class=\"screen-reader-text\">Itiru\u00e7u: come una preghiera<\/span><\/a><\/p>\n","protected":false},"author":2,"featured_media":23,"comment_status":"closed","ping_status":"closed","sticky":false,"template":"","format":"standard","meta":{"footnotes":""},"categories":[2],"tags":[],"class_list":["post-16","post","type-post","status-publish","format-standard","has-post-thumbnail","hentry","category-un-occhio-nel-futuro"],"_links":{"self":[{"href":"https:\/\/www.caritasfrancescana.org\/index.php?rest_route=\/wp\/v2\/posts\/16"}],"collection":[{"href":"https:\/\/www.caritasfrancescana.org\/index.php?rest_route=\/wp\/v2\/posts"}],"about":[{"href":"https:\/\/www.caritasfrancescana.org\/index.php?rest_route=\/wp\/v2\/types\/post"}],"author":[{"embeddable":true,"href":"https:\/\/www.caritasfrancescana.org\/index.php?rest_route=\/wp\/v2\/users\/2"}],"replies":[{"embeddable":true,"href":"https:\/\/www.caritasfrancescana.org\/index.php?rest_route=%2Fwp%2Fv2%2Fcomments&post=16"}],"version-history":[{"count":2,"href":"https:\/\/www.caritasfrancescana.org\/index.php?rest_route=\/wp\/v2\/posts\/16\/revisions"}],"predecessor-version":[{"id":24,"href":"https:\/\/www.caritasfrancescana.org\/index.php?rest_route=\/wp\/v2\/posts\/16\/revisions\/24"}],"wp:featuredmedia":[{"embeddable":true,"href":"https:\/\/www.caritasfrancescana.org\/index.php?rest_route=\/wp\/v2\/media\/23"}],"wp:attachment":[{"href":"https:\/\/www.caritasfrancescana.org\/index.php?rest_route=%2Fwp%2Fv2%2Fmedia&parent=16"}],"wp:term":[{"taxonomy":"category","embeddable":true,"href":"https:\/\/www.caritasfrancescana.org\/index.php?rest_route=%2Fwp%2Fv2%2Fcategories&post=16"},{"taxonomy":"post_tag","embeddable":true,"href":"https:\/\/www.caritasfrancescana.org\/index.php?rest_route=%2Fwp%2Fv2%2Ftags&post=16"}],"curies":[{"name":"wp","href":"https:\/\/api.w.org\/{rel}","templated":true}]}}